{"id":1467,"date":"2023-07-07T12:28:00","date_gmt":"2023-07-07T10:28:00","guid":{"rendered":"https:\/\/www.firipo.fi\/okategoriserad\/chef-och-bitradande-professor-jordi-munoz-gar-med-i-den-internationella-radgivande-kommitten\/"},"modified":"2024-04-02T09:49:58","modified_gmt":"2024-04-02T07:49:58","slug":"chef-och-bitradande-professor-jordi-munoz-gar-med-i-den-internationella-radgivande-kommitten","status":"publish","type":"post","link":"https:\/\/www.firipo.fi\/sv\/okategoriserad\/chef-och-bitradande-professor-jordi-munoz-gar-med-i-den-internationella-radgivande-kommitten\/","title":{"rendered":"Chef och bitr\u00e4dande professor Jordi Mu\u00f1oz g\u00e5r med i den internationella r\u00e5dgivande kommitt\u00e9n"},"content":{"rendered":"\n<p>Vi \u00e4r glada att v\u00e4lkomna Jordi Mu\u00f1oz som ny medlem i v\u00e5r internationella r\u00e5dgivande kommitt\u00e9. Dr. Mu\u00f1oz, som \u00e4r verksam som bitr\u00e4dande professor i statskunskap vid universitetet i Barcelona, \u00e4r \u00e4ven chef f\u00f6r den katalanska regeringens center f\u00f6r allm\u00e4n opinion (CEO). Jordi Mu\u00f1oz \u00e4r en ledande forskare inom enk\u00e4tforskning och kommer att bidra med ov\u00e4rderlig feedback och hj\u00e4lp f\u00f6r den fortsatta utvecklingen av FIRIPO-infrastruktur.<\/p>\n","protected":false},"excerpt":{"rendered":"<p>Vi \u00e4r glada att v\u00e4lkomna Jordi Mu\u00f1oz som ny medlem i v\u00e5r internationella r\u00e5dgivande kommitt\u00e9. Dr. Mu\u00f1oz, som \u00e4r verksam som bitr\u00e4dande professor i statskunskap vid universitetet i Barcelona, \u00e4r \u00e4ven chef f\u00f6r den katalanska regeringens center f\u00f6r allm\u00e4n opinion (CEO). Jordi Mu\u00f1oz \u00e4r en ledande forskare inom enk\u00e4tforskning och kommer att bidra med ov\u00e4rderlig [&hellip;]<\/p>\n","protected":false},"author":6,"featured_media":0,"comment_status":"open","ping_status":"open","sticky":false,"template":"","format":"standard","meta":{"_acf_changed":false,"ocean_post_layout":"","ocean_both_sidebars_style":"","ocean_both_sidebars_content_width":0,"ocean_both_sidebars_sidebars_width":0,"ocean_sidebar":"","ocean_second_sidebar":"","ocean_disable_margins":"enable","ocean_add_body_class":"","ocean_shortcode_before_top_bar":"","ocean_shortcode_after_top_bar":"","ocean_shortcode_before_header":"","ocean_shortcode_after_header":"","ocean_has_shortcode":"","ocean_shortcode_after_title":"","ocean_shortcode_before_footer_widgets":"","ocean_shortcode_after_footer_widgets":"","ocean_shortcode_before_footer_bottom":"","ocean_shortcode_after_footer_bottom":"","ocean_display_top_bar":"default","ocean_display_header":"default","ocean_header_style":"","ocean_center_header_left_menu":"","ocean_custom_header_template":"","ocean_custom_logo":0,"ocean_custom_retina_logo":0,"ocean_custom_logo_max_width":0,"ocean_custom_logo_tablet_max_width":0,"ocean_custom_logo_mobile_max_width":0,"ocean_custom_logo_max_height":0,"ocean_custom_logo_tablet_max_height":0,"ocean_custom_logo_mobile_max_height":0,"ocean_header_custom_menu":"","ocean_menu_typo_font_family":"","ocean_menu_typo_font_subset":"","ocean_menu_typo_font_size":0,"ocean_menu_typo_font_size_tablet":0,"ocean_menu_typo_font_size_mobile":0,"ocean_menu_typo_font_size_unit":"px","ocean_menu_typo_font_weight":"","ocean_menu_typo_font_weight_tablet":"","ocean_menu_typo_font_weight_mobile":"","ocean_menu_typo_transform":"","ocean_menu_typo_transform_tablet":"","ocean_menu_typo_transform_mobile":"","ocean_menu_typo_line_height":0,"ocean_menu_typo_line_height_tablet":0,"ocean_menu_typo_line_height_mobile":0,"ocean_menu_typo_line_height_unit":"","ocean_menu_typo_spacing":0,"ocean_menu_typo_spacing_tablet":0,"ocean_menu_typo_spacing_mobile":0,"ocean_menu_typo_spacing_unit":"","ocean_menu_link_color":"","ocean_menu_link_color_hover":"","ocean_menu_link_color_active":"","ocean_menu_link_background":"","ocean_menu_link_hover_background":"","ocean_menu_link_active_background":"","ocean_menu_social_links_bg":"","ocean_menu_social_hover_links_bg":"","ocean_menu_social_links_color":"","ocean_menu_social_hover_links_color":"","ocean_disable_title":"default","ocean_disable_heading":"default","ocean_post_title":"","ocean_post_subheading":"","ocean_post_title_style":"","ocean_post_title_background_color":"","ocean_post_title_background":0,"ocean_post_title_bg_image_position":"","ocean_post_title_bg_image_attachment":"","ocean_post_title_bg_image_repeat":"","ocean_post_title_bg_image_size":"","ocean_post_title_height":0,"ocean_post_title_bg_overlay":0.5,"ocean_post_title_bg_overlay_color":"","ocean_disable_breadcrumbs":"default","ocean_breadcrumbs_color":"","ocean_breadcrumbs_separator_color":"","ocean_breadcrumbs_links_color":"","ocean_breadcrumbs_links_hover_color":"","ocean_display_footer_widgets":"default","ocean_display_footer_bottom":"default","ocean_custom_footer_template":"","osh_disable_topbar_sticky":"default","osh_disable_header_sticky":"default","osh_sticky_header_style":"default","osh_sticky_header_effect":"","osh_custom_sticky_logo":0,"osh_custom_retina_sticky_logo":0,"osh_custom_sticky_logo_height":0,"osh_background_color":"","osh_links_color":"","osh_links_hover_color":"","osh_links_active_color":"","osh_links_bg_color":"","osh_links_hover_bg_color":"","osh_links_active_bg_color":"","osh_menu_social_links_color":"","osh_menu_social_hover_links_color":"","ocean_post_oembed":"","ocean_post_self_hosted_media":"","ocean_post_video_embed":"","ocean_link_format":"","ocean_link_format_target":"self","ocean_quote_format":"","ocean_quote_format_link":"post","ocean_gallery_link_images":"on","ocean_gallery_id":[],"footnotes":""},"categories":[13],"tags":[],"class_list":["post-1467","post","type-post","status-publish","format-standard","hentry","category-okategoriserad","entry"],"acf":[],"yoast_head":"<!-- This site is optimized with the Yoast SEO plugin v27.4 - https:\/\/yoast.com\/product\/yoast-seo-wordpress\/ -->\n<title>Chef och bitr\u00e4dande professor Jordi Mu\u00f1oz g\u00e5r med i den internationella r\u00e5dgivande kommitt\u00e9n - \u00c5bo Akademi FIRIPO<\/title>\n<meta name=\"robots\" content=\"index, follow, max-snippet:-1, max-image-preview:large, max-video-preview:-1\" \/>\n<link rel=\"canonical\" href=\"https:\/\/www.firipo.fi\/sv\/okategoriserad\/chef-och-bitradande-professor-jordi-munoz-gar-med-i-den-internationella-radgivande-kommitten\/\" \/>\n<meta property=\"og:locale\" content=\"sv_SE\" \/>\n<meta property=\"og:type\" content=\"article\" \/>\n<meta property=\"og:title\" content=\"Chef och bitr\u00e4dande professor Jordi Mu\u00f1oz g\u00e5r med i den internationella r\u00e5dgivande kommitt\u00e9n - \u00c5bo Akademi FIRIPO\" \/>\n<meta property=\"og:description\" content=\"Vi \u00e4r glada att v\u00e4lkomna Jordi Mu\u00f1oz som ny medlem i v\u00e5r internationella r\u00e5dgivande kommitt\u00e9. Dr. Mu\u00f1oz, som \u00e4r verksam som bitr\u00e4dande professor i statskunskap vid universitetet i Barcelona, \u00e4r \u00e4ven chef f\u00f6r den katalanska regeringens center f\u00f6r allm\u00e4n opinion (CEO). Jordi Mu\u00f1oz \u00e4r en ledande forskare inom enk\u00e4tforskning och kommer att bidra med ov\u00e4rderlig [&hellip;]\" \/>\n<meta property=\"og:url\" content=\"https:\/\/www.firipo.fi\/sv\/okategoriserad\/chef-och-bitradande-professor-jordi-munoz-gar-med-i-den-internationella-radgivande-kommitten\/\" \/>\n<meta property=\"og:site_name\" content=\"\u00c5bo Akademi FIRIPO\" \/>\n<meta property=\"article:published_time\" content=\"2023-07-07T10:28:00+00:00\" \/>\n<meta property=\"article:modified_time\" content=\"2024-04-02T07:49:58+00:00\" \/>\n<meta name=\"author\" content=\"Hanna Holmb\u00e4ck\" \/>\n<meta name=\"twitter:card\" content=\"summary_large_image\" \/>\n<meta name=\"twitter:label1\" content=\"Skriven av\" \/>\n\t<meta name=\"twitter:data1\" content=\"Hanna Holmb\u00e4ck\" \/>\n<script type=\"application\/ld+json\" class=\"yoast-schema-graph\">{\"@context\":\"https:\\\/\\\/schema.org\",\"@graph\":[{\"@type\":\"Article\",\"@id\":\"https:\\\/\\\/www.firipo.fi\\\/sv\\\/okategoriserad\\\/chef-och-bitradande-professor-jordi-munoz-gar-med-i-den-internationella-radgivande-kommitten\\\/#article\",\"isPartOf\":{\"@id\":\"https:\\\/\\\/www.firipo.fi\\\/sv\\\/okategoriserad\\\/chef-och-bitradande-professor-jordi-munoz-gar-med-i-den-internationella-radgivande-kommitten\\\/\"},\"author\":{\"name\":\"Hanna Holmb\u00e4ck\",\"@id\":\"https:\\\/\\\/www.firipo.fi\\\/sv\\\/#\\\/schema\\\/person\\\/bfb3792398f1057e45cdadbb89227821\"},\"headline\":\"Chef och bitr\u00e4dande professor Jordi Mu\u00f1oz g\u00e5r med i den internationella r\u00e5dgivande kommitt\u00e9n\",\"datePublished\":\"2023-07-07T10:28:00+00:00\",\"dateModified\":\"2024-04-02T07:49:58+00:00\",\"mainEntityOfPage\":{\"@id\":\"https:\\\/\\\/www.firipo.fi\\\/sv\\\/okategoriserad\\\/chef-och-bitradande-professor-jordi-munoz-gar-med-i-den-internationella-radgivande-kommitten\\\/\"},\"wordCount\":96,\"commentCount\":0,\"publisher\":{\"@id\":\"https:\\\/\\\/www.firipo.fi\\\/sv\\\/#organization\"},\"articleSection\":[\"Okategoriserad\"],\"inLanguage\":\"sv-SE\",\"potentialAction\":[{\"@type\":\"CommentAction\",\"name\":\"Comment\",\"target\":[\"https:\\\/\\\/www.firipo.fi\\\/sv\\\/okategoriserad\\\/chef-och-bitradande-professor-jordi-munoz-gar-med-i-den-internationella-radgivande-kommitten\\\/#respond\"]}]},{\"@type\":\"WebPage\",\"@id\":\"https:\\\/\\\/www.firipo.fi\\\/sv\\\/okategoriserad\\\/chef-och-bitradande-professor-jordi-munoz-gar-med-i-den-internationella-radgivande-kommitten\\\/\",\"url\":\"https:\\\/\\\/www.firipo.fi\\\/sv\\\/okategoriserad\\\/chef-och-bitradande-professor-jordi-munoz-gar-med-i-den-internationella-radgivande-kommitten\\\/\",\"name\":\"Chef och bitr\u00e4dande professor Jordi Mu\u00f1oz g\u00e5r med i den internationella r\u00e5dgivande kommitt\u00e9n - \u00c5bo Akademi FIRIPO\",\"isPartOf\":{\"@id\":\"https:\\\/\\\/www.firipo.fi\\\/sv\\\/#website\"},\"datePublished\":\"2023-07-07T10:28:00+00:00\",\"dateModified\":\"2024-04-02T07:49:58+00:00\",\"breadcrumb\":{\"@id\":\"https:\\\/\\\/www.firipo.fi\\\/sv\\\/okategoriserad\\\/chef-och-bitradande-professor-jordi-munoz-gar-med-i-den-internationella-radgivande-kommitten\\\/#breadcrumb\"},\"inLanguage\":\"sv-SE\",\"potentialAction\":[{\"@type\":\"ReadAction\",\"target\":[\"https:\\\/\\\/www.firipo.fi\\\/sv\\\/okategoriserad\\\/chef-och-bitradande-professor-jordi-munoz-gar-med-i-den-internationella-radgivande-kommitten\\\/\"]}]},{\"@type\":\"BreadcrumbList\",\"@id\":\"https:\\\/\\\/www.firipo.fi\\\/sv\\\/okategoriserad\\\/chef-och-bitradande-professor-jordi-munoz-gar-med-i-den-internationella-radgivande-kommitten\\\/#breadcrumb\",\"itemListElement\":[{\"@type\":\"ListItem\",\"position\":1,\"name\":\"Home\",\"item\":\"https:\\\/\\\/www.firipo.fi\\\/sv\\\/\"},{\"@type\":\"ListItem\",\"position\":2,\"name\":\"Chef och bitr\u00e4dande professor Jordi Mu\u00f1oz g\u00e5r med i den internationella r\u00e5dgivande kommitt\u00e9n\"}]},{\"@type\":\"WebSite\",\"@id\":\"https:\\\/\\\/www.firipo.fi\\\/sv\\\/#website\",\"url\":\"https:\\\/\\\/www.firipo.fi\\\/sv\\\/\",\"name\":\"\u00c5bo Akademi FIRIPO\",\"description\":\"The Finnish Research Infrastructure for Public Opinion\",\"publisher\":{\"@id\":\"https:\\\/\\\/www.firipo.fi\\\/sv\\\/#organization\"},\"potentialAction\":[{\"@type\":\"SearchAction\",\"target\":{\"@type\":\"EntryPoint\",\"urlTemplate\":\"https:\\\/\\\/www.firipo.fi\\\/sv\\\/?s={search_term_string}\"},\"query-input\":{\"@type\":\"PropertyValueSpecification\",\"valueRequired\":true,\"valueName\":\"search_term_string\"}}],\"inLanguage\":\"sv-SE\"},{\"@type\":\"Organization\",\"@id\":\"https:\\\/\\\/www.firipo.fi\\\/sv\\\/#organization\",\"name\":\"\u00c5bo Akademi FIRIPO\",\"url\":\"https:\\\/\\\/www.firipo.fi\\\/sv\\\/\",\"logo\":{\"@type\":\"ImageObject\",\"inLanguage\":\"sv-SE\",\"@id\":\"https:\\\/\\\/www.firipo.fi\\\/sv\\\/#\\\/schema\\\/logo\\\/image\\\/\",\"url\":\"https:\\\/\\\/www.firipo.fi\\\/wp-content\\\/uploads\\\/2020\\\/03\\\/cropped-logo-png.png\",\"contentUrl\":\"https:\\\/\\\/www.firipo.fi\\\/wp-content\\\/uploads\\\/2020\\\/03\\\/cropped-logo-png.png\",\"width\":227,\"height\":306,\"caption\":\"\u00c5bo Akademi FIRIPO\"},\"image\":{\"@id\":\"https:\\\/\\\/www.firipo.fi\\\/sv\\\/#\\\/schema\\\/logo\\\/image\\\/\"}},{\"@type\":\"Person\",\"@id\":\"https:\\\/\\\/www.firipo.fi\\\/sv\\\/#\\\/schema\\\/person\\\/bfb3792398f1057e45cdadbb89227821\",\"name\":\"Hanna Holmb\u00e4ck\",\"image\":{\"@type\":\"ImageObject\",\"inLanguage\":\"sv-SE\",\"@id\":\"https:\\\/\\\/secure.gravatar.com\\\/avatar\\\/58f5fab36cc4a0bd6a770a1a2ecc8f87e6ee1633068c33774a31f6cdcbc5908a?s=96&d=mm&r=g\",\"url\":\"https:\\\/\\\/secure.gravatar.com\\\/avatar\\\/58f5fab36cc4a0bd6a770a1a2ecc8f87e6ee1633068c33774a31f6cdcbc5908a?s=96&d=mm&r=g\",\"contentUrl\":\"https:\\\/\\\/secure.gravatar.com\\\/avatar\\\/58f5fab36cc4a0bd6a770a1a2ecc8f87e6ee1633068c33774a31f6cdcbc5908a?s=96&d=mm&r=g\",\"caption\":\"Hanna Holmb\u00e4ck\"},\"url\":\"https:\\\/\\\/www.firipo.fi\\\/sv\\\/author\\\/hanna-holmback\\\/\"}]}<\/script>\n<!-- \/ Yoast SEO plugin. -->","yoast_head_json":{"title":"Chef och bitr\u00e4dande professor Jordi Mu\u00f1oz g\u00e5r med i den internationella r\u00e5dgivande kommitt\u00e9n - \u00c5bo Akademi FIRIPO","robots":{"index":"index","follow":"follow","max-snippet":"max-snippet:-1","max-image-preview":"max-image-preview:large","max-video-preview":"max-video-preview:-1"},"canonical":"https:\/\/www.firipo.fi\/sv\/okategoriserad\/chef-och-bitradande-professor-jordi-munoz-gar-med-i-den-internationella-radgivande-kommitten\/","og_locale":"sv_SE","og_type":"article","og_title":"Chef och bitr\u00e4dande professor Jordi Mu\u00f1oz g\u00e5r med i den internationella r\u00e5dgivande kommitt\u00e9n - \u00c5bo Akademi FIRIPO","og_description":"Vi \u00e4r glada att v\u00e4lkomna Jordi Mu\u00f1oz som ny medlem i v\u00e5r internationella r\u00e5dgivande kommitt\u00e9. Dr. Mu\u00f1oz, som \u00e4r verksam som bitr\u00e4dande professor i statskunskap vid universitetet i Barcelona, \u00e4r \u00e4ven chef f\u00f6r den katalanska regeringens center f\u00f6r allm\u00e4n opinion (CEO). Jordi Mu\u00f1oz \u00e4r en ledande forskare inom enk\u00e4tforskning och kommer att bidra med ov\u00e4rderlig [&hellip;]","og_url":"https:\/\/www.firipo.fi\/sv\/okategoriserad\/chef-och-bitradande-professor-jordi-munoz-gar-med-i-den-internationella-radgivande-kommitten\/","og_site_name":"\u00c5bo Akademi FIRIPO","article_published_time":"2023-07-07T10:28:00+00:00","article_modified_time":"2024-04-02T07:49:58+00:00","author":"Hanna Holmb\u00e4ck","twitter_card":"summary_large_image","twitter_misc":{"Skriven av":"Hanna Holmb\u00e4ck"},"schema":{"@context":"https:\/\/schema.org","@graph":[{"@type":"Article","@id":"https:\/\/www.firipo.fi\/sv\/okategoriserad\/chef-och-bitradande-professor-jordi-munoz-gar-med-i-den-internationella-radgivande-kommitten\/#article","isPartOf":{"@id":"https:\/\/www.firipo.fi\/sv\/okategoriserad\/chef-och-bitradande-professor-jordi-munoz-gar-med-i-den-internationella-radgivande-kommitten\/"},"author":{"name":"Hanna Holmb\u00e4ck","@id":"https:\/\/www.firipo.fi\/sv\/#\/schema\/person\/bfb3792398f1057e45cdadbb89227821"},"headline":"Chef och bitr\u00e4dande professor Jordi Mu\u00f1oz g\u00e5r med i den internationella r\u00e5dgivande kommitt\u00e9n","datePublished":"2023-07-07T10:28:00+00:00","dateModified":"2024-04-02T07:49:58+00:00","mainEntityOfPage":{"@id":"https:\/\/www.firipo.fi\/sv\/okategoriserad\/chef-och-bitradande-professor-jordi-munoz-gar-med-i-den-internationella-radgivande-kommitten\/"},"wordCount":96,"commentCount":0,"publisher":{"@id":"https:\/\/www.firipo.fi\/sv\/#organization"},"articleSection":["Okategoriserad"],"inLanguage":"sv-SE","potentialAction":[{"@type":"CommentAction","name":"Comment","target":["https:\/\/www.firipo.fi\/sv\/okategoriserad\/chef-och-bitradande-professor-jordi-munoz-gar-med-i-den-internationella-radgivande-kommitten\/#respond"]}]},{"@type":"WebPage","@id":"https:\/\/www.firipo.fi\/sv\/okategoriserad\/chef-och-bitradande-professor-jordi-munoz-gar-med-i-den-internationella-radgivande-kommitten\/","url":"https:\/\/www.firipo.fi\/sv\/okategoriserad\/chef-och-bitradande-professor-jordi-munoz-gar-med-i-den-internationella-radgivande-kommitten\/","name":"Chef och bitr\u00e4dande professor Jordi Mu\u00f1oz g\u00e5r med i den internationella r\u00e5dgivande kommitt\u00e9n - \u00c5bo Akademi FIRIPO","isPartOf":{"@id":"https:\/\/www.firipo.fi\/sv\/#website"},"datePublished":"2023-07-07T10:28:00+00:00","dateModified":"2024-04-02T07:49:58+00:00","breadcrumb":{"@id":"https:\/\/www.firipo.fi\/sv\/okategoriserad\/chef-och-bitradande-professor-jordi-munoz-gar-med-i-den-internationella-radgivande-kommitten\/#breadcrumb"},"inLanguage":"sv-SE","potentialAction":[{"@type":"ReadAction","target":["https:\/\/www.firipo.fi\/sv\/okategoriserad\/chef-och-bitradande-professor-jordi-munoz-gar-med-i-den-internationella-radgivande-kommitten\/"]}]},{"@type":"BreadcrumbList","@id":"https:\/\/www.firipo.fi\/sv\/okategoriserad\/chef-och-bitradande-professor-jordi-munoz-gar-med-i-den-internationella-radgivande-kommitten\/#breadcrumb","itemListElement":[{"@type":"ListItem","position":1,"name":"Home","item":"https:\/\/www.firipo.fi\/sv\/"},{"@type":"ListItem","position":2,"name":"Chef och bitr\u00e4dande professor Jordi Mu\u00f1oz g\u00e5r med i den internationella r\u00e5dgivande kommitt\u00e9n"}]},{"@type":"WebSite","@id":"https:\/\/www.firipo.fi\/sv\/#website","url":"https:\/\/www.firipo.fi\/sv\/","name":"\u00c5bo Akademi FIRIPO","description":"The Finnish Research Infrastructure for Public Opinion","publisher":{"@id":"https:\/\/www.firipo.fi\/sv\/#organization"},"potentialAction":[{"@type":"SearchAction","target":{"@type":"EntryPoint","urlTemplate":"https:\/\/www.firipo.fi\/sv\/?s={search_term_string}"},"query-input":{"@type":"PropertyValueSpecification","valueRequired":true,"valueName":"search_term_string"}}],"inLanguage":"sv-SE"},{"@type":"Organization","@id":"https:\/\/www.firipo.fi\/sv\/#organization","name":"\u00c5bo Akademi FIRIPO","url":"https:\/\/www.firipo.fi\/sv\/","logo":{"@type":"ImageObject","inLanguage":"sv-SE","@id":"https:\/\/www.firipo.fi\/sv\/#\/schema\/logo\/image\/","url":"https:\/\/www.firipo.fi\/wp-content\/uploads\/2020\/03\/cropped-logo-png.png","contentUrl":"https:\/\/www.firipo.fi\/wp-content\/uploads\/2020\/03\/cropped-logo-png.png","width":227,"height":306,"caption":"\u00c5bo Akademi FIRIPO"},"image":{"@id":"https:\/\/www.firipo.fi\/sv\/#\/schema\/logo\/image\/"}},{"@type":"Person","@id":"https:\/\/www.firipo.fi\/sv\/#\/schema\/person\/bfb3792398f1057e45cdadbb89227821","name":"Hanna Holmb\u00e4ck","image":{"@type":"ImageObject","inLanguage":"sv-SE","@id":"https:\/\/secure.gravatar.com\/avatar\/58f5fab36cc4a0bd6a770a1a2ecc8f87e6ee1633068c33774a31f6cdcbc5908a?s=96&d=mm&r=g","url":"https:\/\/secure.gravatar.com\/avatar\/58f5fab36cc4a0bd6a770a1a2ecc8f87e6ee1633068c33774a31f6cdcbc5908a?s=96&d=mm&r=g","contentUrl":"https:\/\/secure.gravatar.com\/avatar\/58f5fab36cc4a0bd6a770a1a2ecc8f87e6ee1633068c33774a31f6cdcbc5908a?s=96&d=mm&r=g","caption":"Hanna Holmb\u00e4ck"},"url":"https:\/\/www.firipo.fi\/sv\/author\/hanna-holmback\/"}]}},"_links":{"self":[{"href":"https:\/\/www.firipo.fi\/sv\/wp-json\/wp\/v2\/posts\/1467","targetHints":{"allow":["GET"]}}],"collection":[{"href":"https:\/\/www.firipo.fi\/sv\/wp-json\/wp\/v2\/posts"}],"about":[{"href":"https:\/\/www.firipo.fi\/sv\/wp-json\/wp\/v2\/types\/post"}],"author":[{"embeddable":true,"href":"https:\/\/www.firipo.fi\/sv\/wp-json\/wp\/v2\/users\/6"}],"replies":[{"embeddable":true,"href":"https:\/\/www.firipo.fi\/sv\/wp-json\/wp\/v2\/comments?post=1467"}],"version-history":[{"count":3,"href":"https:\/\/www.firipo.fi\/sv\/wp-json\/wp\/v2\/posts\/1467\/revisions"}],"predecessor-version":[{"id":1470,"href":"https:\/\/www.firipo.fi\/sv\/wp-json\/wp\/v2\/posts\/1467\/revisions\/1470"}],"wp:attachment":[{"href":"https:\/\/www.firipo.fi\/sv\/wp-json\/wp\/v2\/media?parent=1467"}],"wp:term":[{"taxonomy":"category","embeddable":true,"href":"https:\/\/www.firipo.fi\/sv\/wp-json\/wp\/v2\/categories?post=1467"},{"taxonomy":"post_tag","embeddable":true,"href":"https:\/\/www.firipo.fi\/sv\/wp-json\/wp\/v2\/tags?post=1467"}],"curies":[{"name":"wp","href":"https:\/\/api.w.org\/{rel}","templated":true}]}}