{"id":1543,"date":"2024-05-02T14:42:33","date_gmt":"2024-05-02T12:42:33","guid":{"rendered":"https:\/\/www.firipo.fi\/uncategorized-fi\/firipon-johto-ja-kansainvaliset-neuvonantajat-kokoontuivat-barcelonassa\/"},"modified":"2024-05-03T13:14:50","modified_gmt":"2024-05-03T11:14:50","slug":"firipon-johto-ja-kansainvaliset-neuvonantajat-kokoontuivat-barcelonassa","status":"publish","type":"post","link":"https:\/\/www.firipo.fi\/fi\/uncategorized-fi\/firipon-johto-ja-kansainvaliset-neuvonantajat-kokoontuivat-barcelonassa\/","title":{"rendered":"FIRIPOn johto ja kansainv\u00e4liset neuvonantajat kokoontuivat Barcelonassa"},"content":{"rendered":"\t\t<div data-elementor-type=\"wp-post\" data-elementor-id=\"1543\" class=\"elementor elementor-1543 elementor-1541\" data-elementor-post-type=\"post\">\n\t\t\t\t<div class=\"elementor-element elementor-element-542f982b e-flex e-con-boxed e-con e-parent\" data-id=\"542f982b\" data-element_type=\"container\" data-e-type=\"container\">\n\t\t\t\t\t<div class=\"e-con-inner\">\n\t\t\t\t<div class=\"elementor-element elementor-element-7bb5d0ed elementor-widget elementor-widget-text-editor\" data-id=\"7bb5d0ed\" data-element_type=\"widget\" data-e-type=\"widget\" data-widget_type=\"text-editor.default\">\n\t\t\t\t<div class=\"elementor-widget-container\">\n\t\t\t\t\t\t\t\t\t\n<p>FIRIPO-INFRASTRUKTUURIN ja YLEISEN MIELIPITEEN MITTAAMISEN HUIPPUYKSIK\u00d6N FutuDemin kansainv\u00e4liset neuvoa-antavat komiteat kokoontuivat Barcelonassa j\u00e4rjestettyyn yhteistapaamiseen 23.-26. huhtikuuta. Kaksip\u00e4iv\u00e4isen tapahtuman aikana FIRIPOn johtokunta esitteli infrastruktuurin nykytilaa ja keskusteli jatkosta yhdess\u00e4 kansainv\u00e4listen neuvonantajien kanssa. Tri Jordi Mu\u00f1oz, Katalonian hallituksen yleisen mielipiteen keskuksen (CEO) johtaja sek\u00e4 FIRIPOn kansainv\u00e4lisen neuvoa-antavan komitean j\u00e4sen, piti esitelm\u00e4n pian koittavista Katalonian aluevaaleista sek\u00e4 CEO:n suorittamista mielipidemittauksista. Viimeisen\u00e4 ohjelmanumerona v\u00e4it\u00f6skirjatutkijat Kim Backstr\u00f6m (\u00c5AU), Satu Mets\u00e4lampi (UTU) ja Albert Weckman (\u00c5AU) esitteliv\u00e4t omia tutkimusaiheitaan.<\/p>\n<p><img fetchpriority=\"high\" decoding=\"async\" class=\"alignnone wp-image-1552 size-full\" src=\"https:\/\/www.firipo.fi\/wp-content\/uploads\/2024\/05\/IMG_20240425_153529_-scaled.jpg\" alt=\"\" width=\"2560\" height=\"1689\" srcset=\"https:\/\/www.firipo.fi\/wp-content\/uploads\/2024\/05\/IMG_20240425_153529_-scaled.jpg 2560w, https:\/\/www.firipo.fi\/wp-content\/uploads\/2024\/05\/IMG_20240425_153529_-300x198.jpg 300w, https:\/\/www.firipo.fi\/wp-content\/uploads\/2024\/05\/IMG_20240425_153529_-1024x676.jpg 1024w, https:\/\/www.firipo.fi\/wp-content\/uploads\/2024\/05\/IMG_20240425_153529_-768x507.jpg 768w, https:\/\/www.firipo.fi\/wp-content\/uploads\/2024\/05\/IMG_20240425_153529_-1536x1013.jpg 1536w, https:\/\/www.firipo.fi\/wp-content\/uploads\/2024\/05\/IMG_20240425_153529_-2048x1351.jpg 2048w\" sizes=\"(max-width: 2560px) 100vw, 2560px\" \/><br><img decoding=\"async\" class=\"alignnone wp-image-1555 size-full\" src=\"https:\/\/www.firipo.fi\/wp-content\/uploads\/2024\/05\/IMG_20240425_162613-scaled.jpg\" alt=\"\" width=\"2560\" height=\"1440\" srcset=\"https:\/\/www.firipo.fi\/wp-content\/uploads\/2024\/05\/IMG_20240425_162613-scaled.jpg 2560w, https:\/\/www.firipo.fi\/wp-content\/uploads\/2024\/05\/IMG_20240425_162613-300x169.jpg 300w, https:\/\/www.firipo.fi\/wp-content\/uploads\/2024\/05\/IMG_20240425_162613-1024x576.jpg 1024w, https:\/\/www.firipo.fi\/wp-content\/uploads\/2024\/05\/IMG_20240425_162613-768x432.jpg 768w, https:\/\/www.firipo.fi\/wp-content\/uploads\/2024\/05\/IMG_20240425_162613-1536x864.jpg 1536w, https:\/\/www.firipo.fi\/wp-content\/uploads\/2024\/05\/IMG_20240425_162613-2048x1152.jpg 2048w, https:\/\/www.firipo.fi\/wp-content\/uploads\/2024\/05\/IMG_20240425_162613-800x450.jpg 800w\" sizes=\"(max-width: 2560px) 100vw, 2560px\" \/><br><img decoding=\"async\" class=\"alignnone wp-image-1558 size-full\" src=\"https:\/\/www.firipo.fi\/wp-content\/uploads\/2024\/05\/IMG_20240425_171621-scaled.jpg\" alt=\"\" width=\"2560\" height=\"1440\" srcset=\"https:\/\/www.firipo.fi\/wp-content\/uploads\/2024\/05\/IMG_20240425_171621-scaled.jpg 2560w, https:\/\/www.firipo.fi\/wp-content\/uploads\/2024\/05\/IMG_20240425_171621-300x169.jpg 300w, https:\/\/www.firipo.fi\/wp-content\/uploads\/2024\/05\/IMG_20240425_171621-1024x576.jpg 1024w, https:\/\/www.firipo.fi\/wp-content\/uploads\/2024\/05\/IMG_20240425_171621-768x432.jpg 768w, https:\/\/www.firipo.fi\/wp-content\/uploads\/2024\/05\/IMG_20240425_171621-1536x864.jpg 1536w, https:\/\/www.firipo.fi\/wp-content\/uploads\/2024\/05\/IMG_20240425_171621-2048x1152.jpg 2048w, https:\/\/www.firipo.fi\/wp-content\/uploads\/2024\/05\/IMG_20240425_171621-800x450.jpg 800w\" sizes=\"(max-width: 2560px) 100vw, 2560px\" \/><\/p>\n\t\t\t\t\t\t\t\t<\/div>\n\t\t\t\t<\/div>\n\t\t\t\t\t<\/div>\n\t\t\t\t<\/div>\n\t\t\t\t<\/div>\n\t\t","protected":false},"excerpt":{"rendered":"<p>FIRIPO-INFRASTRUKTUURIN ja YLEISEN MIELIPITEEN MITTAAMISEN HUIPPUYKSIK\u00d6N FutuDemin kansainv\u00e4liset neuvoa-antavat komiteat kokoontuivat Barcelonassa j\u00e4rjestettyyn yhteistapaamiseen 23.-26. huhtikuuta. Kaksip\u00e4iv\u00e4isen tapahtuman aikana FIRIPOn johtokunta esitteli infrastruktuurin nykytilaa ja keskusteli jatkosta yhdess\u00e4 kansainv\u00e4listen neuvonantajien kanssa. Tri Jordi Mu\u00f1oz, Katalonian hallituksen yleisen mielipiteen keskuksen (CEO) johtaja sek\u00e4 FIRIPOn kansainv\u00e4lisen neuvoa-antavan komitean j\u00e4sen, piti esitelm\u00e4n pian koittavista Katalonian aluevaaleista sek\u00e4 CEO:n [&hellip;]<\/p>\n","protected":false},"author":2,"featured_media":0,"comment_status":"open","ping_status":"open","sticky":false,"template":"","format":"standard","meta":{"_acf_changed":false,"ocean_post_layout":"","ocean_both_sidebars_style":"","ocean_both_sidebars_content_width":0,"ocean_both_sidebars_sidebars_width":0,"ocean_sidebar":"","ocean_second_sidebar":"","ocean_disable_margins":"enable","ocean_add_body_class":"","ocean_shortcode_before_top_bar":"","ocean_shortcode_after_top_bar":"","ocean_shortcode_before_header":"","ocean_shortcode_after_header":"","ocean_has_shortcode":"","ocean_shortcode_after_title":"","ocean_shortcode_before_footer_widgets":"","ocean_shortcode_after_footer_widgets":"","ocean_shortcode_before_footer_bottom":"","ocean_shortcode_after_footer_bottom":"","ocean_display_top_bar":"default","ocean_display_header":"default","ocean_header_style":"","ocean_center_header_left_menu":"","ocean_custom_header_template":"","ocean_custom_logo":0,"ocean_custom_retina_logo":0,"ocean_custom_logo_max_width":0,"ocean_custom_logo_tablet_max_width":0,"ocean_custom_logo_mobile_max_width":0,"ocean_custom_logo_max_height":0,"ocean_custom_logo_tablet_max_height":0,"ocean_custom_logo_mobile_max_height":0,"ocean_header_custom_menu":"","ocean_menu_typo_font_family":"","ocean_menu_typo_font_subset":"","ocean_menu_typo_font_size":0,"ocean_menu_typo_font_size_tablet":0,"ocean_menu_typo_font_size_mobile":0,"ocean_menu_typo_font_size_unit":"px","ocean_menu_typo_font_weight":"","ocean_menu_typo_font_weight_tablet":"","ocean_menu_typo_font_weight_mobile":"","ocean_menu_typo_transform":"","ocean_menu_typo_transform_tablet":"","ocean_menu_typo_transform_mobile":"","ocean_menu_typo_line_height":0,"ocean_menu_typo_line_height_tablet":0,"ocean_menu_typo_line_height_mobile":0,"ocean_menu_typo_line_height_unit":"","ocean_menu_typo_spacing":0,"ocean_menu_typo_spacing_tablet":0,"ocean_menu_typo_spacing_mobile":0,"ocean_menu_typo_spacing_unit":"","ocean_menu_link_color":"","ocean_menu_link_color_hover":"","ocean_menu_link_color_active":"","ocean_menu_link_background":"","ocean_menu_link_hover_background":"","ocean_menu_link_active_background":"","ocean_menu_social_links_bg":"","ocean_menu_social_hover_links_bg":"","ocean_menu_social_links_color":"","ocean_menu_social_hover_links_color":"","ocean_disable_title":"default","ocean_disable_heading":"default","ocean_post_title":"","ocean_post_subheading":"","ocean_post_title_style":"","ocean_post_title_background_color":"","ocean_post_title_background":0,"ocean_post_title_bg_image_position":"","ocean_post_title_bg_image_attachment":"","ocean_post_title_bg_image_repeat":"","ocean_post_title_bg_image_size":"","ocean_post_title_height":0,"ocean_post_title_bg_overlay":0.5,"ocean_post_title_bg_overlay_color":"","ocean_disable_breadcrumbs":"default","ocean_breadcrumbs_color":"","ocean_breadcrumbs_separator_color":"","ocean_breadcrumbs_links_color":"","ocean_breadcrumbs_links_hover_color":"","ocean_display_footer_widgets":"default","ocean_display_footer_bottom":"default","ocean_custom_footer_template":"","osh_disable_topbar_sticky":"default","osh_disable_header_sticky":"default","osh_sticky_header_style":"default","osh_sticky_header_effect":"","osh_custom_sticky_logo":0,"osh_custom_retina_sticky_logo":0,"osh_custom_sticky_logo_height":0,"osh_background_color":"","osh_links_color":"","osh_links_hover_color":"","osh_links_active_color":"","osh_links_bg_color":"","osh_links_hover_bg_color":"","osh_links_active_bg_color":"","osh_menu_social_links_color":"","osh_menu_social_hover_links_color":"","ocean_post_oembed":"","ocean_post_self_hosted_media":"","ocean_post_video_embed":"","ocean_link_format":"","ocean_link_format_target":"self","ocean_quote_format":"","ocean_quote_format_link":"post","ocean_gallery_link_images":"on","ocean_gallery_id":[],"footnotes":""},"categories":[12,27],"tags":[28,29,30],"class_list":["post-1543","post","type-post","status-publish","format-standard","hentry","category-uncategorized-fi","category-yhteistyo","tag-firipo-fi","tag-futudem-fi","tag-yleinen-mielipide","entry"],"acf":[],"yoast_head":"<!-- This site is optimized with the Yoast SEO plugin v27.4 - https:\/\/yoast.com\/product\/yoast-seo-wordpress\/ -->\n<title>FIRIPOn johto ja kansainv\u00e4liset neuvonantajat kokoontuivat Barcelonassa - \u00c5bo Akademi FIRIPO<\/title>\n<meta name=\"robots\" content=\"index, follow, max-snippet:-1, max-image-preview:large, max-video-preview:-1\" \/>\n<link rel=\"canonical\" href=\"https:\/\/www.firipo.fi\/fi\/uncategorized-fi\/firipon-johto-ja-kansainvaliset-neuvonantajat-kokoontuivat-barcelonassa\/\" \/>\n<meta property=\"og:locale\" content=\"fi_FI\" \/>\n<meta property=\"og:type\" content=\"article\" \/>\n<meta property=\"og:title\" content=\"FIRIPOn johto ja kansainv\u00e4liset neuvonantajat kokoontuivat Barcelonassa - \u00c5bo Akademi FIRIPO\" \/>\n<meta property=\"og:description\" content=\"FIRIPO-INFRASTRUKTUURIN ja YLEISEN MIELIPITEEN MITTAAMISEN HUIPPUYKSIK\u00d6N FutuDemin kansainv\u00e4liset neuvoa-antavat komiteat kokoontuivat Barcelonassa j\u00e4rjestettyyn yhteistapaamiseen 23.-26. huhtikuuta. Kaksip\u00e4iv\u00e4isen tapahtuman aikana FIRIPOn johtokunta esitteli infrastruktuurin nykytilaa ja keskusteli jatkosta yhdess\u00e4 kansainv\u00e4listen neuvonantajien kanssa. Tri Jordi Mu\u00f1oz, Katalonian hallituksen yleisen mielipiteen keskuksen (CEO) johtaja sek\u00e4 FIRIPOn kansainv\u00e4lisen neuvoa-antavan komitean j\u00e4sen, piti esitelm\u00e4n pian koittavista Katalonian aluevaaleista sek\u00e4 CEO:n [&hellip;]\" \/>\n<meta property=\"og:url\" content=\"https:\/\/www.firipo.fi\/fi\/uncategorized-fi\/firipon-johto-ja-kansainvaliset-neuvonantajat-kokoontuivat-barcelonassa\/\" \/>\n<meta property=\"og:site_name\" content=\"\u00c5bo Akademi FIRIPO\" \/>\n<meta property=\"article:published_time\" content=\"2024-05-02T12:42:33+00:00\" \/>\n<meta property=\"article:modified_time\" content=\"2024-05-03T11:14:50+00:00\" \/>\n<meta property=\"og:image\" content=\"https:\/\/www.firipo.fi\/wp-content\/uploads\/2024\/05\/IMG_20240425_153529_-scaled.jpg\" \/>\n<meta name=\"author\" content=\"Vilppu Kuusipalo\" \/>\n<meta name=\"twitter:card\" content=\"summary_large_image\" \/>\n<meta name=\"twitter:label1\" content=\"Kirjoittanut\" \/>\n\t<meta name=\"twitter:data1\" content=\"Vilppu Kuusipalo\" \/>\n<script type=\"application\/ld+json\" class=\"yoast-schema-graph\">{\"@context\":\"https:\\\/\\\/schema.org\",\"@graph\":[{\"@type\":\"Article\",\"@id\":\"https:\\\/\\\/www.firipo.fi\\\/fi\\\/uncategorized-fi\\\/firipon-johto-ja-kansainvaliset-neuvonantajat-kokoontuivat-barcelonassa\\\/#article\",\"isPartOf\":{\"@id\":\"https:\\\/\\\/www.firipo.fi\\\/fi\\\/uncategorized-fi\\\/firipon-johto-ja-kansainvaliset-neuvonantajat-kokoontuivat-barcelonassa\\\/\"},\"author\":{\"name\":\"Vilppu Kuusipalo\",\"@id\":\"https:\\\/\\\/www.firipo.fi\\\/fi\\\/#\\\/schema\\\/person\\\/9b8b859c643accdec484e322d3a1d0b6\"},\"headline\":\"FIRIPOn johto ja kansainv\u00e4liset neuvonantajat kokoontuivat Barcelonassa\",\"datePublished\":\"2024-05-02T12:42:33+00:00\",\"dateModified\":\"2024-05-03T11:14:50+00:00\",\"mainEntityOfPage\":{\"@id\":\"https:\\\/\\\/www.firipo.fi\\\/fi\\\/uncategorized-fi\\\/firipon-johto-ja-kansainvaliset-neuvonantajat-kokoontuivat-barcelonassa\\\/\"},\"wordCount\":97,\"commentCount\":0,\"publisher\":{\"@id\":\"https:\\\/\\\/www.firipo.fi\\\/fi\\\/#organization\"},\"image\":{\"@id\":\"https:\\\/\\\/www.firipo.fi\\\/fi\\\/uncategorized-fi\\\/firipon-johto-ja-kansainvaliset-neuvonantajat-kokoontuivat-barcelonassa\\\/#primaryimage\"},\"thumbnailUrl\":\"https:\\\/\\\/www.firipo.fi\\\/wp-content\\\/uploads\\\/2024\\\/05\\\/IMG_20240425_153529_-scaled.jpg\",\"keywords\":[\"firipo\",\"futudem\",\"yleinen-mielipide\"],\"articleSection\":[\"Uncategorized @fi\",\"Yhteisty\u00f6\"],\"inLanguage\":\"fi\",\"potentialAction\":[{\"@type\":\"CommentAction\",\"name\":\"Comment\",\"target\":[\"https:\\\/\\\/www.firipo.fi\\\/fi\\\/uncategorized-fi\\\/firipon-johto-ja-kansainvaliset-neuvonantajat-kokoontuivat-barcelonassa\\\/#respond\"]}]},{\"@type\":\"WebPage\",\"@id\":\"https:\\\/\\\/www.firipo.fi\\\/fi\\\/uncategorized-fi\\\/firipon-johto-ja-kansainvaliset-neuvonantajat-kokoontuivat-barcelonassa\\\/\",\"url\":\"https:\\\/\\\/www.firipo.fi\\\/fi\\\/uncategorized-fi\\\/firipon-johto-ja-kansainvaliset-neuvonantajat-kokoontuivat-barcelonassa\\\/\",\"name\":\"FIRIPOn johto ja kansainv\u00e4liset neuvonantajat kokoontuivat Barcelonassa - \u00c5bo Akademi FIRIPO\",\"isPartOf\":{\"@id\":\"https:\\\/\\\/www.firipo.fi\\\/fi\\\/#website\"},\"primaryImageOfPage\":{\"@id\":\"https:\\\/\\\/www.firipo.fi\\\/fi\\\/uncategorized-fi\\\/firipon-johto-ja-kansainvaliset-neuvonantajat-kokoontuivat-barcelonassa\\\/#primaryimage\"},\"image\":{\"@id\":\"https:\\\/\\\/www.firipo.fi\\\/fi\\\/uncategorized-fi\\\/firipon-johto-ja-kansainvaliset-neuvonantajat-kokoontuivat-barcelonassa\\\/#primaryimage\"},\"thumbnailUrl\":\"https:\\\/\\\/www.firipo.fi\\\/wp-content\\\/uploads\\\/2024\\\/05\\\/IMG_20240425_153529_-scaled.jpg\",\"datePublished\":\"2024-05-02T12:42:33+00:00\",\"dateModified\":\"2024-05-03T11:14:50+00:00\",\"breadcrumb\":{\"@id\":\"https:\\\/\\\/www.firipo.fi\\\/fi\\\/uncategorized-fi\\\/firipon-johto-ja-kansainvaliset-neuvonantajat-kokoontuivat-barcelonassa\\\/#breadcrumb\"},\"inLanguage\":\"fi\",\"potentialAction\":[{\"@type\":\"ReadAction\",\"target\":[\"https:\\\/\\\/www.firipo.fi\\\/fi\\\/uncategorized-fi\\\/firipon-johto-ja-kansainvaliset-neuvonantajat-kokoontuivat-barcelonassa\\\/\"]}]},{\"@type\":\"ImageObject\",\"inLanguage\":\"fi\",\"@id\":\"https:\\\/\\\/www.firipo.fi\\\/fi\\\/uncategorized-fi\\\/firipon-johto-ja-kansainvaliset-neuvonantajat-kokoontuivat-barcelonassa\\\/#primaryimage\",\"url\":\"https:\\\/\\\/www.firipo.fi\\\/wp-content\\\/uploads\\\/2024\\\/05\\\/IMG_20240425_153529_-scaled.jpg\",\"contentUrl\":\"https:\\\/\\\/www.firipo.fi\\\/wp-content\\\/uploads\\\/2024\\\/05\\\/IMG_20240425_153529_-scaled.jpg\"},{\"@type\":\"BreadcrumbList\",\"@id\":\"https:\\\/\\\/www.firipo.fi\\\/fi\\\/uncategorized-fi\\\/firipon-johto-ja-kansainvaliset-neuvonantajat-kokoontuivat-barcelonassa\\\/#breadcrumb\",\"itemListElement\":[{\"@type\":\"ListItem\",\"position\":1,\"name\":\"Home\",\"item\":\"https:\\\/\\\/www.firipo.fi\\\/fi\\\/\"},{\"@type\":\"ListItem\",\"position\":2,\"name\":\"FIRIPOn johto ja kansainv\u00e4liset neuvonantajat kokoontuivat Barcelonassa\"}]},{\"@type\":\"WebSite\",\"@id\":\"https:\\\/\\\/www.firipo.fi\\\/fi\\\/#website\",\"url\":\"https:\\\/\\\/www.firipo.fi\\\/fi\\\/\",\"name\":\"\u00c5bo Akademi FIRIPO\",\"description\":\"The Finnish Research Infrastructure for Public Opinion\",\"publisher\":{\"@id\":\"https:\\\/\\\/www.firipo.fi\\\/fi\\\/#organization\"},\"potentialAction\":[{\"@type\":\"SearchAction\",\"target\":{\"@type\":\"EntryPoint\",\"urlTemplate\":\"https:\\\/\\\/www.firipo.fi\\\/fi\\\/?s={search_term_string}\"},\"query-input\":{\"@type\":\"PropertyValueSpecification\",\"valueRequired\":true,\"valueName\":\"search_term_string\"}}],\"inLanguage\":\"fi\"},{\"@type\":\"Organization\",\"@id\":\"https:\\\/\\\/www.firipo.fi\\\/fi\\\/#organization\",\"name\":\"\u00c5bo Akademi FIRIPO\",\"url\":\"https:\\\/\\\/www.firipo.fi\\\/fi\\\/\",\"logo\":{\"@type\":\"ImageObject\",\"inLanguage\":\"fi\",\"@id\":\"https:\\\/\\\/www.firipo.fi\\\/fi\\\/#\\\/schema\\\/logo\\\/image\\\/\",\"url\":\"https:\\\/\\\/www.firipo.fi\\\/wp-content\\\/uploads\\\/2020\\\/03\\\/cropped-logo-png.png\",\"contentUrl\":\"https:\\\/\\\/www.firipo.fi\\\/wp-content\\\/uploads\\\/2020\\\/03\\\/cropped-logo-png.png\",\"width\":227,\"height\":306,\"caption\":\"\u00c5bo Akademi FIRIPO\"},\"image\":{\"@id\":\"https:\\\/\\\/www.firipo.fi\\\/fi\\\/#\\\/schema\\\/logo\\\/image\\\/\"}},{\"@type\":\"Person\",\"@id\":\"https:\\\/\\\/www.firipo.fi\\\/fi\\\/#\\\/schema\\\/person\\\/9b8b859c643accdec484e322d3a1d0b6\",\"name\":\"Vilppu Kuusipalo\",\"image\":{\"@type\":\"ImageObject\",\"inLanguage\":\"fi\",\"@id\":\"https:\\\/\\\/secure.gravatar.com\\\/avatar\\\/1d073a7baca23c712f4179f4c2d30a86cae1ddbd46e6ef6410200a09e55ee7d1?s=96&d=mm&r=g\",\"url\":\"https:\\\/\\\/secure.gravatar.com\\\/avatar\\\/1d073a7baca23c712f4179f4c2d30a86cae1ddbd46e6ef6410200a09e55ee7d1?s=96&d=mm&r=g\",\"contentUrl\":\"https:\\\/\\\/secure.gravatar.com\\\/avatar\\\/1d073a7baca23c712f4179f4c2d30a86cae1ddbd46e6ef6410200a09e55ee7d1?s=96&d=mm&r=g\",\"caption\":\"Vilppu Kuusipalo\"},\"url\":\"https:\\\/\\\/www.firipo.fi\\\/fi\\\/author\\\/rasmussiren\\\/\"}]}<\/script>\n<!-- \/ Yoast SEO plugin. -->","yoast_head_json":{"title":"FIRIPOn johto ja kansainv\u00e4liset neuvonantajat kokoontuivat Barcelonassa - \u00c5bo Akademi FIRIPO","robots":{"index":"index","follow":"follow","max-snippet":"max-snippet:-1","max-image-preview":"max-image-preview:large","max-video-preview":"max-video-preview:-1"},"canonical":"https:\/\/www.firipo.fi\/fi\/uncategorized-fi\/firipon-johto-ja-kansainvaliset-neuvonantajat-kokoontuivat-barcelonassa\/","og_locale":"fi_FI","og_type":"article","og_title":"FIRIPOn johto ja kansainv\u00e4liset neuvonantajat kokoontuivat Barcelonassa - \u00c5bo Akademi FIRIPO","og_description":"FIRIPO-INFRASTRUKTUURIN ja YLEISEN MIELIPITEEN MITTAAMISEN HUIPPUYKSIK\u00d6N FutuDemin kansainv\u00e4liset neuvoa-antavat komiteat kokoontuivat Barcelonassa j\u00e4rjestettyyn yhteistapaamiseen 23.-26. huhtikuuta. Kaksip\u00e4iv\u00e4isen tapahtuman aikana FIRIPOn johtokunta esitteli infrastruktuurin nykytilaa ja keskusteli jatkosta yhdess\u00e4 kansainv\u00e4listen neuvonantajien kanssa. Tri Jordi Mu\u00f1oz, Katalonian hallituksen yleisen mielipiteen keskuksen (CEO) johtaja sek\u00e4 FIRIPOn kansainv\u00e4lisen neuvoa-antavan komitean j\u00e4sen, piti esitelm\u00e4n pian koittavista Katalonian aluevaaleista sek\u00e4 CEO:n [&hellip;]","og_url":"https:\/\/www.firipo.fi\/fi\/uncategorized-fi\/firipon-johto-ja-kansainvaliset-neuvonantajat-kokoontuivat-barcelonassa\/","og_site_name":"\u00c5bo Akademi FIRIPO","article_published_time":"2024-05-02T12:42:33+00:00","article_modified_time":"2024-05-03T11:14:50+00:00","og_image":[{"url":"https:\/\/www.firipo.fi\/wp-content\/uploads\/2024\/05\/IMG_20240425_153529_-scaled.jpg","type":"","width":"","height":""}],"author":"Vilppu Kuusipalo","twitter_card":"summary_large_image","twitter_misc":{"Kirjoittanut":"Vilppu Kuusipalo"},"schema":{"@context":"https:\/\/schema.org","@graph":[{"@type":"Article","@id":"https:\/\/www.firipo.fi\/fi\/uncategorized-fi\/firipon-johto-ja-kansainvaliset-neuvonantajat-kokoontuivat-barcelonassa\/#article","isPartOf":{"@id":"https:\/\/www.firipo.fi\/fi\/uncategorized-fi\/firipon-johto-ja-kansainvaliset-neuvonantajat-kokoontuivat-barcelonassa\/"},"author":{"name":"Vilppu Kuusipalo","@id":"https:\/\/www.firipo.fi\/fi\/#\/schema\/person\/9b8b859c643accdec484e322d3a1d0b6"},"headline":"FIRIPOn johto ja kansainv\u00e4liset neuvonantajat kokoontuivat Barcelonassa","datePublished":"2024-05-02T12:42:33+00:00","dateModified":"2024-05-03T11:14:50+00:00","mainEntityOfPage":{"@id":"https:\/\/www.firipo.fi\/fi\/uncategorized-fi\/firipon-johto-ja-kansainvaliset-neuvonantajat-kokoontuivat-barcelonassa\/"},"wordCount":97,"commentCount":0,"publisher":{"@id":"https:\/\/www.firipo.fi\/fi\/#organization"},"image":{"@id":"https:\/\/www.firipo.fi\/fi\/uncategorized-fi\/firipon-johto-ja-kansainvaliset-neuvonantajat-kokoontuivat-barcelonassa\/#primaryimage"},"thumbnailUrl":"https:\/\/www.firipo.fi\/wp-content\/uploads\/2024\/05\/IMG_20240425_153529_-scaled.jpg","keywords":["firipo","futudem","yleinen-mielipide"],"articleSection":["Uncategorized @fi","Yhteisty\u00f6"],"inLanguage":"fi","potentialAction":[{"@type":"CommentAction","name":"Comment","target":["https:\/\/www.firipo.fi\/fi\/uncategorized-fi\/firipon-johto-ja-kansainvaliset-neuvonantajat-kokoontuivat-barcelonassa\/#respond"]}]},{"@type":"WebPage","@id":"https:\/\/www.firipo.fi\/fi\/uncategorized-fi\/firipon-johto-ja-kansainvaliset-neuvonantajat-kokoontuivat-barcelonassa\/","url":"https:\/\/www.firipo.fi\/fi\/uncategorized-fi\/firipon-johto-ja-kansainvaliset-neuvonantajat-kokoontuivat-barcelonassa\/","name":"FIRIPOn johto ja kansainv\u00e4liset neuvonantajat kokoontuivat Barcelonassa - \u00c5bo Akademi FIRIPO","isPartOf":{"@id":"https:\/\/www.firipo.fi\/fi\/#website"},"primaryImageOfPage":{"@id":"https:\/\/www.firipo.fi\/fi\/uncategorized-fi\/firipon-johto-ja-kansainvaliset-neuvonantajat-kokoontuivat-barcelonassa\/#primaryimage"},"image":{"@id":"https:\/\/www.firipo.fi\/fi\/uncategorized-fi\/firipon-johto-ja-kansainvaliset-neuvonantajat-kokoontuivat-barcelonassa\/#primaryimage"},"thumbnailUrl":"https:\/\/www.firipo.fi\/wp-content\/uploads\/2024\/05\/IMG_20240425_153529_-scaled.jpg","datePublished":"2024-05-02T12:42:33+00:00","dateModified":"2024-05-03T11:14:50+00:00","breadcrumb":{"@id":"https:\/\/www.firipo.fi\/fi\/uncategorized-fi\/firipon-johto-ja-kansainvaliset-neuvonantajat-kokoontuivat-barcelonassa\/#breadcrumb"},"inLanguage":"fi","potentialAction":[{"@type":"ReadAction","target":["https:\/\/www.firipo.fi\/fi\/uncategorized-fi\/firipon-johto-ja-kansainvaliset-neuvonantajat-kokoontuivat-barcelonassa\/"]}]},{"@type":"ImageObject","inLanguage":"fi","@id":"https:\/\/www.firipo.fi\/fi\/uncategorized-fi\/firipon-johto-ja-kansainvaliset-neuvonantajat-kokoontuivat-barcelonassa\/#primaryimage","url":"https:\/\/www.firipo.fi\/wp-content\/uploads\/2024\/05\/IMG_20240425_153529_-scaled.jpg","contentUrl":"https:\/\/www.firipo.fi\/wp-content\/uploads\/2024\/05\/IMG_20240425_153529_-scaled.jpg"},{"@type":"BreadcrumbList","@id":"https:\/\/www.firipo.fi\/fi\/uncategorized-fi\/firipon-johto-ja-kansainvaliset-neuvonantajat-kokoontuivat-barcelonassa\/#breadcrumb","itemListElement":[{"@type":"ListItem","position":1,"name":"Home","item":"https:\/\/www.firipo.fi\/fi\/"},{"@type":"ListItem","position":2,"name":"FIRIPOn johto ja kansainv\u00e4liset neuvonantajat kokoontuivat Barcelonassa"}]},{"@type":"WebSite","@id":"https:\/\/www.firipo.fi\/fi\/#website","url":"https:\/\/www.firipo.fi\/fi\/","name":"\u00c5bo Akademi FIRIPO","description":"The Finnish Research Infrastructure for Public Opinion","publisher":{"@id":"https:\/\/www.firipo.fi\/fi\/#organization"},"potentialAction":[{"@type":"SearchAction","target":{"@type":"EntryPoint","urlTemplate":"https:\/\/www.firipo.fi\/fi\/?s={search_term_string}"},"query-input":{"@type":"PropertyValueSpecification","valueRequired":true,"valueName":"search_term_string"}}],"inLanguage":"fi"},{"@type":"Organization","@id":"https:\/\/www.firipo.fi\/fi\/#organization","name":"\u00c5bo Akademi FIRIPO","url":"https:\/\/www.firipo.fi\/fi\/","logo":{"@type":"ImageObject","inLanguage":"fi","@id":"https:\/\/www.firipo.fi\/fi\/#\/schema\/logo\/image\/","url":"https:\/\/www.firipo.fi\/wp-content\/uploads\/2020\/03\/cropped-logo-png.png","contentUrl":"https:\/\/www.firipo.fi\/wp-content\/uploads\/2020\/03\/cropped-logo-png.png","width":227,"height":306,"caption":"\u00c5bo Akademi FIRIPO"},"image":{"@id":"https:\/\/www.firipo.fi\/fi\/#\/schema\/logo\/image\/"}},{"@type":"Person","@id":"https:\/\/www.firipo.fi\/fi\/#\/schema\/person\/9b8b859c643accdec484e322d3a1d0b6","name":"Vilppu Kuusipalo","image":{"@type":"ImageObject","inLanguage":"fi","@id":"https:\/\/secure.gravatar.com\/avatar\/1d073a7baca23c712f4179f4c2d30a86cae1ddbd46e6ef6410200a09e55ee7d1?s=96&d=mm&r=g","url":"https:\/\/secure.gravatar.com\/avatar\/1d073a7baca23c712f4179f4c2d30a86cae1ddbd46e6ef6410200a09e55ee7d1?s=96&d=mm&r=g","contentUrl":"https:\/\/secure.gravatar.com\/avatar\/1d073a7baca23c712f4179f4c2d30a86cae1ddbd46e6ef6410200a09e55ee7d1?s=96&d=mm&r=g","caption":"Vilppu Kuusipalo"},"url":"https:\/\/www.firipo.fi\/fi\/author\/rasmussiren\/"}]}},"_links":{"self":[{"href":"https:\/\/www.firipo.fi\/fi\/wp-json\/wp\/v2\/posts\/1543","targetHints":{"allow":["GET"]}}],"collection":[{"href":"https:\/\/www.firipo.fi\/fi\/wp-json\/wp\/v2\/posts"}],"about":[{"href":"https:\/\/www.firipo.fi\/fi\/wp-json\/wp\/v2\/types\/post"}],"author":[{"embeddable":true,"href":"https:\/\/www.firipo.fi\/fi\/wp-json\/wp\/v2\/users\/2"}],"replies":[{"embeddable":true,"href":"https:\/\/www.firipo.fi\/fi\/wp-json\/wp\/v2\/comments?post=1543"}],"version-history":[{"count":4,"href":"https:\/\/www.firipo.fi\/fi\/wp-json\/wp\/v2\/posts\/1543\/revisions"}],"predecessor-version":[{"id":1564,"href":"https:\/\/www.firipo.fi\/fi\/wp-json\/wp\/v2\/posts\/1543\/revisions\/1564"}],"wp:attachment":[{"href":"https:\/\/www.firipo.fi\/fi\/wp-json\/wp\/v2\/media?parent=1543"}],"wp:term":[{"taxonomy":"category","embeddable":true,"href":"https:\/\/www.firipo.fi\/fi\/wp-json\/wp\/v2\/categories?post=1543"},{"taxonomy":"post_tag","embeddable":true,"href":"https:\/\/www.firipo.fi\/fi\/wp-json\/wp\/v2\/tags?post=1543"}],"curies":[{"name":"wp","href":"https:\/\/api.w.org\/{rel}","templated":true}]}}